{"id":1009,"date":"2023-06-07T12:47:21","date_gmt":"2023-06-07T12:47:21","guid":{"rendered":"https:\/\/tioanime.wiki\/cuanto-tiempo-tarda-en-crecer-el-pelo-de-la-ceja\/"},"modified":"2023-06-07T12:47:21","modified_gmt":"2023-06-07T12:47:21","slug":"cuanto-tiempo-tarda-en-crecer-el-pelo-de-la-ceja","status":"publish","type":"post","link":"https:\/\/www.rituals-fuengirola.es\/en\/cuanto-tiempo-tarda-en-crecer-el-pelo-de-la-ceja\/","title":{"rendered":"\u00bfCu\u00e1nto Tiempo Tarda En Crecer El Pelo De La Ceja?"},"content":{"rendered":"<p>Bienvenidos a Rituals-Fuengirola.Es, en este art\u00edculo te hablaremos sobre un tema que suele ser de inter\u00e9s para muchas personas: \u00bfCu\u00e1nto tiempo tarda en crecer el pelo de la ceja? Es importante tener en cuenta que el ciclo de crecimiento del vello puede variar seg\u00fan cada persona y otros factores. \u00a1Sigue leyendo para conocer m\u00e1s detalles!<\/p>\n<h2 id=\"la-importancia-del-masaje-en-el-crecimiento-de-las-cejas\">La importancia del masaje en el crecimiento de las cejas<\/h2>\n<p>El masaje es una t\u00e9cnica antigua que se utiliza para aliviar el estr\u00e9s y reducir la tensi\u00f3n muscular. Sin embargo, pocos conocen su importancia en el crecimiento de las cejas. Un buen masaje facial puede mejorar la circulaci\u00f3n de la sangre en el \u00e1rea de las cejas y estimular el crecimiento de nuevos vellos. Adem\u00e1s, el masaje tambi\u00e9n puede ayudar a distribuir los nutrientes adecuados a trav\u00e9s del fol\u00edculo piloso, lo que puede ser beneficioso para aquellos con cejas d\u00e9biles y finas.<\/p>\n<p><strong>El masaje facial puede mejorar la circulaci\u00f3n de la sangre en las cejas y estimular el crecimiento de nuevos vellos.<\/strong><\/p>\n<p>Si bien hay muchos productos disponibles en el mercado que prometen hacer crecer las cejas, un masaje regular y adecuado puede ser una opci\u00f3n segura y natural. Adem\u00e1s, es importante tener en cuenta que el masaje no solo ayuda en el crecimiento de las cejas, sino que tambi\u00e9n tiene muchos beneficios para la salud general de la piel y la relajaci\u00f3n.<\/p>\n<p><strong>Un masaje facial es una opci\u00f3n segura y natural para el crecimiento de las cejas.<\/strong><\/p>\n<p>En conclusi\u00f3n, si est\u00e1 buscando una manera natural de hacer crecer sus cejas, considere agregar un masaje facial regular a su rutina de cuidado personal. El efecto no ser\u00e1 inmediato, pero la paciencia y la consistencia son claves para lograr mejores resultados a largo plazo.<\/p>\n<p><strong>Un masaje facial regular puede ser clave para lograr mejores resultados a largo plazo en el crecimiento de las cejas.<\/strong><\/p>\n<h2 id=\"cejas-pobladas-en-30-dias-producto-barato-y-que-no-falla\">CEJAS POBLADAS   EN 30 D\u00cdAS. \/ PRODUCTO BARATO Y QUE NO FALLA!<\/h2>\n\n<div data-mode=\"normal\" data-oembed=\"1\" data-provider=\"youtube\" id=\"arve-youtube-qgdqk66-f-g\" style=\"max-width:1100px;\" class=\"arve\">\n\t<div class=\"arve-inner\">\n\t\t<div style=\"aspect-ratio:1100\/619\" class=\"arve-embed arve-embed--has-aspect-ratio\">\n\t\t\t<div class=\"arve-ar\" style=\"padding-top:56.272727%\"><\/div>\n\t\t\t<iframe allow=\"accelerometer &apos;none&apos;;autoplay &apos;none&apos;;bluetooth &apos;none&apos;;browsing-topics &apos;none&apos;;camera &apos;none&apos;;clipboard-read &apos;none&apos;;clipboard-write;display-capture &apos;none&apos;;encrypted-media &apos;none&apos;;gamepad &apos;none&apos;;geolocation &apos;none&apos;;gyroscope &apos;none&apos;;hid &apos;none&apos;;identity-credentials-get &apos;none&apos;;idle-detection &apos;none&apos;;keyboard-map &apos;none&apos;;local-fonts;magnetometer &apos;none&apos;;microphone &apos;none&apos;;midi &apos;none&apos;;otp-credentials &apos;none&apos;;payment &apos;none&apos;;picture-in-picture;publickey-credentials-create &apos;none&apos;;publickey-credentials-get &apos;none&apos;;screen-wake-lock &apos;none&apos;;serial &apos;none&apos;;summarizer &apos;none&apos;;sync-xhr;usb &apos;none&apos;;web-share;window-management &apos;none&apos;;xr-spatial-tracking &apos;none&apos;;\" allowfullscreen=\"\" class=\"arve-iframe fitvidsignore\" credentialless data-arve=\"arve-youtube-qgdqk66-f-g\" data-lenis-prevent=\"\" data-src-no-ap=\"https:\/\/www.youtube-nocookie.com\/embed\/qGDQK66-f-g?feature=oembed&amp;iv_load_policy=3&amp;modestbranding=1&amp;rel=0&amp;autohide=1&amp;playsinline=0&amp;autoplay=0\" frameborder=\"0\" height=\"619\" loading=\"lazy\" name=\"\" referrerpolicy=\"strict-origin-when-cross-origin\" sandbox=\"allow-scripts allow-same-origin allow-presentation allow-popups allow-popups-to-escape-sandbox\" scrolling=\"no\" src=\"https:\/\/www.youtube-nocookie.com\/embed\/qGDQK66-f-g?feature=oembed&#038;iv_load_policy=3&#038;modestbranding=1&#038;rel=0&#038;autohide=1&#038;playsinline=0&#038;autoplay=0\" title=\"Video\" width=\"1100\"><\/iframe>\n\t\t\t\n\t\t<\/div>\n\t\t\n\t<\/div>\n\t\n\t\n\t<script type=\"application\/ld+json\">{\"@context\":\"http:\\\/\\\/schema.org\\\/\",\"@id\":\"https:\\\/\\\/www.rituals-fuengirola.es\\\/en\\\/cuanto-tiempo-tarda-en-crecer-el-pelo-de-la-ceja\\\/#arve-youtube-qgdqk66-f-g\",\"type\":\"VideoObject\",\"embedURL\":\"https:\\\/\\\/www.youtube-nocookie.com\\\/embed\\\/qGDQK66-f-g?feature=oembed&iv_load_policy=3&modestbranding=1&rel=0&autohide=1&playsinline=0&autoplay=0\",\"name\":\"Video\",\"thumbnailUrl\":\"https:\\\/\\\/upload.wikimedia.org\\\/wikipedia\\\/commons\\\/e\\\/ef\\\/Youtube_logo.png\",\"uploadDate\":\"2003-04-02T00:00:00+00:00\",\"description\":\"Video\"}<\/script>\n\t\n<\/div>\n<p><h2 id=\"que-es-el-masaje-de-cejas-y-como-ayuda-en-su-crecimiento\">\u00bfQu\u00e9 es el masaje de cejas y c\u00f3mo ayuda en su crecimiento?<\/h2>\n<p>El masaje de cejas es una t\u00e9cnica que consiste en aplicar suaves movimientos circulares con los dedos o con un cepillo en las ra\u00edces de las cejas. Estos movimientos ayudan a mejorar la circulaci\u00f3n sangu\u00ednea y a estimular los fol\u00edculos pilosos, lo que favorece el crecimiento del vello en la zona.<\/p>\n<p><strong>\u00bfCu\u00e1nto tiempo debe durar el masaje de cejas y cu\u00e1ntas veces a la semana se recomienda hacer?<\/strong><br \/>\nLa duraci\u00f3n del masaje de cejas puede variar, pero lo ideal es dedicar unos 5 minutos al d\u00eda para realizar estos movimientos circulares en las ra\u00edces de las cejas. Se recomienda hacer este masaje unas 3 veces a la semana para obtener resultados \u00f3ptimos en cuanto al crecimiento y fortalecimiento de las cejas.<\/p>\n<h2 id=\"que-otros-remedios-naturales-existen-para-el-crecimiento-de-cejas\">\u00bfQu\u00e9 otros remedios naturales existen para el crecimiento de cejas?<\/h2>\n<p>Adem\u00e1s del masaje de cejas, existen otros remedios naturales que pueden ayudar en el crecimiento de las cejas. El aceite de ricino es uno de ellos, ya que es rico en \u00e1cido ricinoleico, un componente que favorece el crecimiento de cabello. Otro remedio es el uso de Aloe Vera, que gracias a su capacidad de hidrataci\u00f3n y nutrici\u00f3n puede contribuir en el fortalecimiento y crecimiento del vello en las cejas.<\/p>\n<h3> \u00bfExisten masajes espec\u00edficos que ayuden al crecimiento del pelo en las cejas?<br \/>\n<\/h3>\n<p><strong>S\u00ed, existen masajes espec\u00edficos que pueden ayudar a promover el crecimiento del pelo en las cejas.<\/strong> <\/p>\n<p>En particular, un masaje sutil con las yemas de los dedos sobre la piel de las cejas puede servir para estimular la circulaci\u00f3n sangu\u00ednea en la zona y, por lo tanto, aumentar el flujo de nutrientes y ox\u00edgeno a los fol\u00edculos pilosos. Adem\u00e1s, el masaje tambi\u00e9n puede contribuir a la relajaci\u00f3n muscular y la reducci\u00f3n del estr\u00e9s, lo cual puede influir positivamente en la salud general del cabello.<\/p>\n<p>Ten en cuenta que, aunque el masaje puede tener ciertos beneficios para la salud del cabello, estos no son milagrosos ni garantizan resultados inmediatos. Tambi\u00e9n es importante tener cuidado al realizar cualquier tipo de manipulaci\u00f3n f\u00edsica en la piel o el cabello, especialmente si se tiene una condici\u00f3n de salud preexistente que pueda verse afectada. Si tienes alguna incertidumbre o preocupaci\u00f3n, siempre puedes consultar con un profesional de la salud o un dermat\u00f3logo para obtener orientaci\u00f3n personalizada y segura.<\/p>\n<h3> \u00bfCu\u00e1nto tiempo debe realizarse un masaje en las cejas para estimular su crecimiento?<br \/>\n<\/h3>\n<p><strong>No existe un tiempo espec\u00edfico<\/strong> para realizar un masaje en las cejas con el objetivo de estimular su crecimiento. Lo importante es realizar el masaje con <strong>suavidad<\/strong> and <strong>circularmente<\/strong> sobre las cejas, lo que aumentar\u00e1 la circulaci\u00f3n sangu\u00ednea en la zona y favorecer\u00e1 el crecimiento de los vellos. Se recomienda aplicar alg\u00fan aceite natural como el aceite de ricino o el aceite de oliva durante el masaje, para conseguir una mayor hidrataci\u00f3n en las cejas. Sin embargo, se debe tener en cuenta que el crecimiento de las cejas depender\u00e1 de muchos factores, como la gen\u00e9tica o la nutrici\u00f3n, por lo que el masaje no garantiza resultados inmediatos.<\/p>\n<h3 id=\"es-recomendable-combinar-el-masaje-en-las-cejas-con-algun-otro-tratamiento-para-estimular-el-crecimiento-del-pelo\"> \u00bfEs recomendable combinar el masaje en las cejas con alg\u00fan otro tratamiento para estimular el crecimiento del pelo?<\/h3>\n<p><strong>No existe evidencia cient\u00edfica s\u00f3lida que demuestre que el masaje en las cejas estimula el crecimiento del pelo<\/strong>. Sin embargo, un masaje suave en la zona de las cejas puede mejorar la circulaci\u00f3n sangu\u00ednea y reducir el estr\u00e9s, lo que puede conducir a una mejor salud general del fol\u00edculo piloso. Si deseas estimular el crecimiento del pelo en tus cejas, puede ser \u00fatil explorar otras opciones como el uso de aceites naturales (ejemplo: aceite de ricino o aceite de coco) y el mantenimiento de una dieta saludable rica en vitaminas y minerales. Es importante tener en cuenta que cada persona es \u00fanica y los resultados pueden variar. En caso de tener preguntas adicionales sobre este tema, no dudes en consultar con un profesional de la salud especializado en dermatolog\u00eda o tricolog\u00eda.<\/p>\n<p>En conclusi\u00f3n, el cabello de las cejas crece en un promedio de 0.16 mm al d\u00eda y tarda entre cuatro y seis meses en recuperarse por completo despu\u00e9s de una depilaci\u00f3n o p\u00e9rdida de cabello. Es importante mantenerlas bien hidratadas con aceites esenciales y masajes para estimular la circulaci\u00f3n sangu\u00ednea. Sin embargo, cada persona es diferente y el crecimiento del cabello puede variar seg\u00fan su anatom\u00eda y h\u00e1bitos personales. \u00a1As\u00ed que paciencia y cuidado con tus cejas! <strong>Mantener la hidrataci\u00f3n y estimular la circulaci\u00f3n sangu\u00ednea<\/strong> son claves para lograr unas cejas frondosas y hermosas.<\/p>","protected":false},"excerpt":{"rendered":"<p>Bienvenidos a Rituals-Fuengirola.Es, en este art\u00edculo te hablaremos sobre un tema que suele ser de inter\u00e9s para muchas personas: \u00bfCu\u00e1nto tiempo tarda en crecer el pelo de la ceja? Es importante tener en cuenta que el ciclo de crecimiento del [&hellip;]<\/p>\n","protected":false},"author":1,"featured_media":5162,"comment_status":"open","ping_status":"open","sticky":false,"template":"","format":"standard","meta":{"_exactmetrics_skip_tracking":false,"_exactmetrics_sitenote_active":false,"_exactmetrics_sitenote_note":"","_exactmetrics_sitenote_category":0,"footnotes":""},"categories":[255],"tags":[],"class_list":["post-1009","post","type-post","status-publish","format-standard","has-post-thumbnail","hentry","category-belleza-y-cuidado-de-la-piel"],"yoast_head":"<!-- This site is optimized with the Yoast SEO plugin v27.2 - https:\/\/yoast.com\/product\/yoast-seo-wordpress\/ -->\n<title>\u00bfCu\u00e1nto Tiempo Tarda En Crecer El Pelo De La Ceja?<\/title>\n<meta name=\"robots\" content=\"index, follow, max-snippet:-1, max-image-preview:large, max-video-preview:-1\" \/>\n<link rel=\"canonical\" href=\"https:\/\/www.rituals-fuengirola.es\/en\/cuanto-tiempo-tarda-en-crecer-el-pelo-de-la-ceja\/\" \/>\n<meta property=\"og:locale\" content=\"en_GB\" \/>\n<meta property=\"og:type\" content=\"article\" \/>\n<meta property=\"og:title\" content=\"\u00bfCu\u00e1nto Tiempo Tarda En Crecer El Pelo De La Ceja?\" \/>\n<meta property=\"og:description\" content=\"Bienvenidos a Rituals-Fuengirola.Es, en este art\u00edculo te hablaremos sobre un tema que suele ser de inter\u00e9s para muchas personas: \u00bfCu\u00e1nto tiempo tarda en crecer el pelo de la ceja? Es importante tener en cuenta que el ciclo de crecimiento del [&hellip;]\" \/>\n<meta property=\"og:url\" content=\"https:\/\/www.rituals-fuengirola.es\/en\/cuanto-tiempo-tarda-en-crecer-el-pelo-de-la-ceja\/\" \/>\n<meta property=\"og:site_name\" content=\"Rituals Masajes Fuengirola\" \/>\n<meta property=\"article:publisher\" content=\"https:\/\/www.facebook.com\/ritualsfuengirola\" \/>\n<meta property=\"article:published_time\" content=\"2023-06-07T12:47:21+00:00\" \/>\n<meta name=\"author\" content=\"Rituals Terapias\" \/>\n<meta name=\"twitter:card\" content=\"summary_large_image\" \/>\n<meta name=\"twitter:label1\" content=\"Written by\" \/>\n\t<meta name=\"twitter:data1\" content=\"Rituals Terapias\" \/>\n\t<meta name=\"twitter:label2\" content=\"Estimated reading time\" \/>\n\t<meta name=\"twitter:data2\" content=\"6 minutes\" \/>\n<script type=\"application\/ld+json\" class=\"yoast-schema-graph\">{\"@context\":\"https:\/\/schema.org\",\"@graph\":[{\"@type\":\"Article\",\"@id\":\"https:\/\/www.rituals-fuengirola.es\/cuanto-tiempo-tarda-en-crecer-el-pelo-de-la-ceja\/#article\",\"isPartOf\":{\"@id\":\"https:\/\/www.rituals-fuengirola.es\/cuanto-tiempo-tarda-en-crecer-el-pelo-de-la-ceja\/\"},\"author\":{\"name\":\"Rituals Terapias\",\"@id\":\"https:\/\/www.rituals-fuengirola.es\/#\/schema\/person\/62d01161d6650f408efc0c98959e8332\"},\"headline\":\"\u00bfCu\u00e1nto Tiempo Tarda En Crecer El Pelo De La Ceja?\",\"datePublished\":\"2023-06-07T12:47:21+00:00\",\"mainEntityOfPage\":{\"@id\":\"https:\/\/www.rituals-fuengirola.es\/cuanto-tiempo-tarda-en-crecer-el-pelo-de-la-ceja\/\"},\"wordCount\":1191,\"commentCount\":0,\"publisher\":{\"@id\":\"https:\/\/www.rituals-fuengirola.es\/#organization\"},\"image\":{\"@id\":\"https:\/\/www.rituals-fuengirola.es\/cuanto-tiempo-tarda-en-crecer-el-pelo-de-la-ceja\/#primaryimage\"},\"thumbnailUrl\":\"https:\/\/www.rituals-fuengirola.es\/wp-content\/uploads\/2023\/06\/cuanto-tiempo-tarda-en-crecer-el-pelo-de-la-ceja.jpg\",\"articleSection\":[\"Belleza y Cuidado de la Piel\"],\"inLanguage\":\"en-GB\",\"potentialAction\":[{\"@type\":\"CommentAction\",\"name\":\"Comment\",\"target\":[\"https:\/\/www.rituals-fuengirola.es\/cuanto-tiempo-tarda-en-crecer-el-pelo-de-la-ceja\/#respond\"]}]},{\"@type\":\"WebPage\",\"@id\":\"https:\/\/www.rituals-fuengirola.es\/cuanto-tiempo-tarda-en-crecer-el-pelo-de-la-ceja\/\",\"url\":\"https:\/\/www.rituals-fuengirola.es\/cuanto-tiempo-tarda-en-crecer-el-pelo-de-la-ceja\/\",\"name\":\"\u00bfCu\u00e1nto Tiempo Tarda En Crecer El Pelo De La Ceja?\",\"isPartOf\":{\"@id\":\"https:\/\/www.rituals-fuengirola.es\/#website\"},\"primaryImageOfPage\":{\"@id\":\"https:\/\/www.rituals-fuengirola.es\/cuanto-tiempo-tarda-en-crecer-el-pelo-de-la-ceja\/#primaryimage\"},\"image\":{\"@id\":\"https:\/\/www.rituals-fuengirola.es\/cuanto-tiempo-tarda-en-crecer-el-pelo-de-la-ceja\/#primaryimage\"},\"thumbnailUrl\":\"https:\/\/www.rituals-fuengirola.es\/wp-content\/uploads\/2023\/06\/cuanto-tiempo-tarda-en-crecer-el-pelo-de-la-ceja.jpg\",\"datePublished\":\"2023-06-07T12:47:21+00:00\",\"breadcrumb\":{\"@id\":\"https:\/\/www.rituals-fuengirola.es\/cuanto-tiempo-tarda-en-crecer-el-pelo-de-la-ceja\/#breadcrumb\"},\"inLanguage\":\"en-GB\",\"potentialAction\":[{\"@type\":\"ReadAction\",\"target\":[\"https:\/\/www.rituals-fuengirola.es\/cuanto-tiempo-tarda-en-crecer-el-pelo-de-la-ceja\/\"]}]},{\"@type\":\"ImageObject\",\"inLanguage\":\"en-GB\",\"@id\":\"https:\/\/www.rituals-fuengirola.es\/cuanto-tiempo-tarda-en-crecer-el-pelo-de-la-ceja\/#primaryimage\",\"url\":\"https:\/\/www.rituals-fuengirola.es\/wp-content\/uploads\/2023\/06\/cuanto-tiempo-tarda-en-crecer-el-pelo-de-la-ceja.jpg\",\"contentUrl\":\"https:\/\/www.rituals-fuengirola.es\/wp-content\/uploads\/2023\/06\/cuanto-tiempo-tarda-en-crecer-el-pelo-de-la-ceja.jpg\",\"width\":640,\"height\":360},{\"@type\":\"BreadcrumbList\",\"@id\":\"https:\/\/www.rituals-fuengirola.es\/cuanto-tiempo-tarda-en-crecer-el-pelo-de-la-ceja\/#breadcrumb\",\"itemListElement\":[{\"@type\":\"ListItem\",\"position\":1,\"name\":\"Home\",\"item\":\"https:\/\/www.rituals-fuengirola.es\/\"},{\"@type\":\"ListItem\",\"position\":2,\"name\":\"\u00bfCu\u00e1nto Tiempo Tarda En Crecer El Pelo De La Ceja?\"}]},{\"@type\":\"WebSite\",\"@id\":\"https:\/\/www.rituals-fuengirola.es\/#website\",\"url\":\"https:\/\/www.rituals-fuengirola.es\/\",\"name\":\"Rituals Masajes Fuengirola\",\"description\":\"Masajes Fuengirola y Terapias Naturales\",\"publisher\":{\"@id\":\"https:\/\/www.rituals-fuengirola.es\/#organization\"},\"potentialAction\":[{\"@type\":\"SearchAction\",\"target\":{\"@type\":\"EntryPoint\",\"urlTemplate\":\"https:\/\/www.rituals-fuengirola.es\/?s={search_term_string}\"},\"query-input\":{\"@type\":\"PropertyValueSpecification\",\"valueRequired\":true,\"valueName\":\"search_term_string\"}}],\"inLanguage\":\"en-GB\"},{\"@type\":\"Organization\",\"@id\":\"https:\/\/www.rituals-fuengirola.es\/#organization\",\"name\":\"Rituals Fuengirola\",\"url\":\"https:\/\/www.rituals-fuengirola.es\/\",\"logo\":{\"@type\":\"ImageObject\",\"inLanguage\":\"en-GB\",\"@id\":\"https:\/\/www.rituals-fuengirola.es\/#\/schema\/logo\/image\/\",\"url\":\"https:\/\/www.rituals-fuengirola.es\/wp-content\/uploads\/2020\/10\/cropped-logo-nuevo3.jpg\",\"contentUrl\":\"https:\/\/www.rituals-fuengirola.es\/wp-content\/uploads\/2020\/10\/cropped-logo-nuevo3.jpg\",\"width\":512,\"height\":512,\"caption\":\"Rituals Fuengirola\"},\"image\":{\"@id\":\"https:\/\/www.rituals-fuengirola.es\/#\/schema\/logo\/image\/\"},\"sameAs\":[\"https:\/\/www.facebook.com\/ritualsfuengirola\",\"https:\/\/www.instagram.com\/ritualsfuengirola\/\"]},{\"@type\":\"Person\",\"@id\":\"https:\/\/www.rituals-fuengirola.es\/#\/schema\/person\/62d01161d6650f408efc0c98959e8332\",\"name\":\"Rituals Terapias\",\"image\":{\"@type\":\"ImageObject\",\"inLanguage\":\"en-GB\",\"@id\":\"https:\/\/secure.gravatar.com\/avatar\/a52473eafb3fd0fd6cc119f0c7ddfcd6d50018cad5844c24762ff58ebb177fc9?s=96&d=mm&r=g\",\"url\":\"https:\/\/secure.gravatar.com\/avatar\/a52473eafb3fd0fd6cc119f0c7ddfcd6d50018cad5844c24762ff58ebb177fc9?s=96&d=mm&r=g\",\"contentUrl\":\"https:\/\/secure.gravatar.com\/avatar\/a52473eafb3fd0fd6cc119f0c7ddfcd6d50018cad5844c24762ff58ebb177fc9?s=96&d=mm&r=g\",\"caption\":\"Rituals Terapias\"}}]}<\/script>\n<!-- \/ Yoast SEO plugin. -->","yoast_head_json":{"title":"\u00bfCu\u00e1nto Tiempo Tarda En Crecer El Pelo De La Ceja?","robots":{"index":"index","follow":"follow","max-snippet":"max-snippet:-1","max-image-preview":"max-image-preview:large","max-video-preview":"max-video-preview:-1"},"canonical":"https:\/\/www.rituals-fuengirola.es\/en\/cuanto-tiempo-tarda-en-crecer-el-pelo-de-la-ceja\/","og_locale":"en_GB","og_type":"article","og_title":"\u00bfCu\u00e1nto Tiempo Tarda En Crecer El Pelo De La Ceja?","og_description":"Bienvenidos a Rituals-Fuengirola.Es, en este art\u00edculo te hablaremos sobre un tema que suele ser de inter\u00e9s para muchas personas: \u00bfCu\u00e1nto tiempo tarda en crecer el pelo de la ceja? Es importante tener en cuenta que el ciclo de crecimiento del [&hellip;]","og_url":"https:\/\/www.rituals-fuengirola.es\/en\/cuanto-tiempo-tarda-en-crecer-el-pelo-de-la-ceja\/","og_site_name":"Rituals Masajes Fuengirola","article_publisher":"https:\/\/www.facebook.com\/ritualsfuengirola","article_published_time":"2023-06-07T12:47:21+00:00","author":"Rituals Terapias","twitter_card":"summary_large_image","twitter_misc":{"Written by":"Rituals Terapias","Estimated reading time":"6 minutes"},"schema":{"@context":"https:\/\/schema.org","@graph":[{"@type":"Article","@id":"https:\/\/www.rituals-fuengirola.es\/cuanto-tiempo-tarda-en-crecer-el-pelo-de-la-ceja\/#article","isPartOf":{"@id":"https:\/\/www.rituals-fuengirola.es\/cuanto-tiempo-tarda-en-crecer-el-pelo-de-la-ceja\/"},"author":{"name":"Rituals Terapias","@id":"https:\/\/www.rituals-fuengirola.es\/#\/schema\/person\/62d01161d6650f408efc0c98959e8332"},"headline":"\u00bfCu\u00e1nto Tiempo Tarda En Crecer El Pelo De La Ceja?","datePublished":"2023-06-07T12:47:21+00:00","mainEntityOfPage":{"@id":"https:\/\/www.rituals-fuengirola.es\/cuanto-tiempo-tarda-en-crecer-el-pelo-de-la-ceja\/"},"wordCount":1191,"commentCount":0,"publisher":{"@id":"https:\/\/www.rituals-fuengirola.es\/#organization"},"image":{"@id":"https:\/\/www.rituals-fuengirola.es\/cuanto-tiempo-tarda-en-crecer-el-pelo-de-la-ceja\/#primaryimage"},"thumbnailUrl":"https:\/\/www.rituals-fuengirola.es\/wp-content\/uploads\/2023\/06\/cuanto-tiempo-tarda-en-crecer-el-pelo-de-la-ceja.jpg","articleSection":["Belleza y Cuidado de la Piel"],"inLanguage":"en-GB","potentialAction":[{"@type":"CommentAction","name":"Comment","target":["https:\/\/www.rituals-fuengirola.es\/cuanto-tiempo-tarda-en-crecer-el-pelo-de-la-ceja\/#respond"]}]},{"@type":"WebPage","@id":"https:\/\/www.rituals-fuengirola.es\/cuanto-tiempo-tarda-en-crecer-el-pelo-de-la-ceja\/","url":"https:\/\/www.rituals-fuengirola.es\/cuanto-tiempo-tarda-en-crecer-el-pelo-de-la-ceja\/","name":"\u00bfCu\u00e1nto Tiempo Tarda En Crecer El Pelo De La Ceja?","isPartOf":{"@id":"https:\/\/www.rituals-fuengirola.es\/#website"},"primaryImageOfPage":{"@id":"https:\/\/www.rituals-fuengirola.es\/cuanto-tiempo-tarda-en-crecer-el-pelo-de-la-ceja\/#primaryimage"},"image":{"@id":"https:\/\/www.rituals-fuengirola.es\/cuanto-tiempo-tarda-en-crecer-el-pelo-de-la-ceja\/#primaryimage"},"thumbnailUrl":"https:\/\/www.rituals-fuengirola.es\/wp-content\/uploads\/2023\/06\/cuanto-tiempo-tarda-en-crecer-el-pelo-de-la-ceja.jpg","datePublished":"2023-06-07T12:47:21+00:00","breadcrumb":{"@id":"https:\/\/www.rituals-fuengirola.es\/cuanto-tiempo-tarda-en-crecer-el-pelo-de-la-ceja\/#breadcrumb"},"inLanguage":"en-GB","potentialAction":[{"@type":"ReadAction","target":["https:\/\/www.rituals-fuengirola.es\/cuanto-tiempo-tarda-en-crecer-el-pelo-de-la-ceja\/"]}]},{"@type":"ImageObject","inLanguage":"en-GB","@id":"https:\/\/www.rituals-fuengirola.es\/cuanto-tiempo-tarda-en-crecer-el-pelo-de-la-ceja\/#primaryimage","url":"https:\/\/www.rituals-fuengirola.es\/wp-content\/uploads\/2023\/06\/cuanto-tiempo-tarda-en-crecer-el-pelo-de-la-ceja.jpg","contentUrl":"https:\/\/www.rituals-fuengirola.es\/wp-content\/uploads\/2023\/06\/cuanto-tiempo-tarda-en-crecer-el-pelo-de-la-ceja.jpg","width":640,"height":360},{"@type":"BreadcrumbList","@id":"https:\/\/www.rituals-fuengirola.es\/cuanto-tiempo-tarda-en-crecer-el-pelo-de-la-ceja\/#breadcrumb","itemListElement":[{"@type":"ListItem","position":1,"name":"Home","item":"https:\/\/www.rituals-fuengirola.es\/"},{"@type":"ListItem","position":2,"name":"\u00bfCu\u00e1nto Tiempo Tarda En Crecer El Pelo De La Ceja?"}]},{"@type":"WebSite","@id":"https:\/\/www.rituals-fuengirola.es\/#website","url":"https:\/\/www.rituals-fuengirola.es\/","name":"Rituals Masajes Fuengirola","description":"Masajes Fuengirola y Terapias Naturales","publisher":{"@id":"https:\/\/www.rituals-fuengirola.es\/#organization"},"potentialAction":[{"@type":"SearchAction","target":{"@type":"EntryPoint","urlTemplate":"https:\/\/www.rituals-fuengirola.es\/?s={search_term_string}"},"query-input":{"@type":"PropertyValueSpecification","valueRequired":true,"valueName":"search_term_string"}}],"inLanguage":"en-GB"},{"@type":"Organization","@id":"https:\/\/www.rituals-fuengirola.es\/#organization","name":"Rituals Fuengirola","url":"https:\/\/www.rituals-fuengirola.es\/","logo":{"@type":"ImageObject","inLanguage":"en-GB","@id":"https:\/\/www.rituals-fuengirola.es\/#\/schema\/logo\/image\/","url":"https:\/\/www.rituals-fuengirola.es\/wp-content\/uploads\/2020\/10\/cropped-logo-nuevo3.jpg","contentUrl":"https:\/\/www.rituals-fuengirola.es\/wp-content\/uploads\/2020\/10\/cropped-logo-nuevo3.jpg","width":512,"height":512,"caption":"Rituals Fuengirola"},"image":{"@id":"https:\/\/www.rituals-fuengirola.es\/#\/schema\/logo\/image\/"},"sameAs":["https:\/\/www.facebook.com\/ritualsfuengirola","https:\/\/www.instagram.com\/ritualsfuengirola\/"]},{"@type":"Person","@id":"https:\/\/www.rituals-fuengirola.es\/#\/schema\/person\/62d01161d6650f408efc0c98959e8332","name":"Rituals Terapias","image":{"@type":"ImageObject","inLanguage":"en-GB","@id":"https:\/\/secure.gravatar.com\/avatar\/a52473eafb3fd0fd6cc119f0c7ddfcd6d50018cad5844c24762ff58ebb177fc9?s=96&d=mm&r=g","url":"https:\/\/secure.gravatar.com\/avatar\/a52473eafb3fd0fd6cc119f0c7ddfcd6d50018cad5844c24762ff58ebb177fc9?s=96&d=mm&r=g","contentUrl":"https:\/\/secure.gravatar.com\/avatar\/a52473eafb3fd0fd6cc119f0c7ddfcd6d50018cad5844c24762ff58ebb177fc9?s=96&d=mm&r=g","caption":"Rituals Terapias"}}]}},"_links":{"self":[{"href":"https:\/\/www.rituals-fuengirola.es\/en\/wp-json\/wp\/v2\/posts\/1009","targetHints":{"allow":["GET"]}}],"collection":[{"href":"https:\/\/www.rituals-fuengirola.es\/en\/wp-json\/wp\/v2\/posts"}],"about":[{"href":"https:\/\/www.rituals-fuengirola.es\/en\/wp-json\/wp\/v2\/types\/post"}],"author":[{"embeddable":true,"href":"https:\/\/www.rituals-fuengirola.es\/en\/wp-json\/wp\/v2\/users\/1"}],"replies":[{"embeddable":true,"href":"https:\/\/www.rituals-fuengirola.es\/en\/wp-json\/wp\/v2\/comments?post=1009"}],"version-history":[{"count":0,"href":"https:\/\/www.rituals-fuengirola.es\/en\/wp-json\/wp\/v2\/posts\/1009\/revisions"}],"wp:featuredmedia":[{"embeddable":true,"href":"https:\/\/www.rituals-fuengirola.es\/en\/wp-json\/wp\/v2\/media\/5162"}],"wp:attachment":[{"href":"https:\/\/www.rituals-fuengirola.es\/en\/wp-json\/wp\/v2\/media?parent=1009"}],"wp:term":[{"taxonomy":"category","embeddable":true,"href":"https:\/\/www.rituals-fuengirola.es\/en\/wp-json\/wp\/v2\/categories?post=1009"},{"taxonomy":"post_tag","embeddable":true,"href":"https:\/\/www.rituals-fuengirola.es\/en\/wp-json\/wp\/v2\/tags?post=1009"}],"curies":[{"name":"wp","href":"https:\/\/api.w.org\/{rel}","templated":true}]}}